{"id":13160,"date":"2018-05-30T14:30:56","date_gmt":"2018-05-30T13:30:56","guid":{"rendered":"http:\/\/www.naples-napoli.org\/sentier-de-la-migliera\/"},"modified":"2018-06-03T12:47:39","modified_gmt":"2018-06-03T11:47:39","slug":"the-migliera-path","status":"publish","type":"post","link":"https:\/\/www.naples-napoli.org\/en\/the-migliera-path\/","title":{"rendered":"The Migliera path"},"content":{"rendered":"<div id=\"attachment_2215\" style=\"width: 310px\" class=\"wp-caption alignright\"><a href=\"http:\/\/www.naples-napoli.org\/wp-content\/uploads\/2013\/10\/capri_belvedere_di_miraglia_5613.jpg\"><img aria-describedby=\"caption-attachment-2215\" loading=\"lazy\" class=\"size-medium wp-image-2215\" src=\"http:\/\/www.naples-napoli.org\/wp-content\/uploads\/2013\/10\/capri_belvedere_di_miraglia_5613.jpg\" alt=\"Belvedere della Migliera\" width=\"300\" height=\"200\" srcset=\"https:\/\/www.naples-napoli.org\/wp-content\/uploads\/2013\/10\/capri_belvedere_di_miraglia_5613.jpg 750w, https:\/\/www.naples-napoli.org\/wp-content\/uploads\/2013\/10\/capri_belvedere_di_miraglia_5613-300x200.jpg 300w, https:\/\/www.naples-napoli.org\/wp-content\/uploads\/2013\/10\/capri_belvedere_di_miraglia_5613-150x100.jpg 150w, https:\/\/www.naples-napoli.org\/wp-content\/uploads\/2013\/10\/capri_belvedere_di_miraglia_5613-400x266.jpg 400w\" sizes=\"(max-width: 300px) 100vw, 300px\" \/><\/a><p id=\"caption-attachment-2215\" class=\"wp-caption-text\">Belvedere della Migliera<\/p><\/div>\n<p><span id=\"result_box\" class=\"\" lang=\"en\" tabindex=\"-1\"><span title=\"Le chemin de la Migliera est une tr\u00e8s belle promenade, facile, assez courte et peu fr\u00e9quent\u00e9e, qui part d'Anacapri, traverse des cultures locales, des vignes, arbres, beaux jardins, pour se terminer au Belvedere del Tuono, un des plus beaux\">The <strong>path of Migliera<\/strong> is a very beautiful walk, easy, quite short and uncrowded, which leaves from Anacapri, crosses local cultures, vineyards, trees, beautiful gardens, to end at <strong>Belvedere del Tuono<\/strong>, one of the most beautiful <\/span><span title=\"points de vue de l'\u00eele de Capri. \">views of the island of Capri.<\/span><\/span><\/p>\n<p><span title=\"C'est du pied du Monte Solaro, sur la droite de Piazza Vittoria, que l'on emprunte ce chemin plat, en passant par la Via Caposcuro, et ensuite la Via Migliera.\">It is from the foot of Monte Solaro, on the right of Piazza Vittoria, that one take this flat road, passing Via Caposcuro, and then Via Migliera. <\/span><span title=\"Apr\u00e8s le cimeti\u00e8re se trouve l'\u00e9glise de S. Maria di Costantinopoli, la plus ancienne paroisse d'Anacapri, reconstruite au XVIIe si\u00e8cle. \">After the cemetery is the church of S. Maria di Costantinopoli, the oldest parish of Anacapri, rebuilt in the seventeenth century.<br \/>\n<\/span><span title=\"Cette route existait probablement \u00e0 l'\u00e9poque romaine.\">This road probably existed in Roman times. <\/span><span title=\"A proximit\u00e9, on y a retrouv\u00e9 des restes de construction imp\u00e9riale, des morceaux de mosa\u00efques et des pl\u00e2tres color\u00e9s. \">Nearby, there are remains of imperial construction, pieces of mosaics and colored plasters.<br \/>\n<\/span><span title=\"Le chemin se poursuit \u00e0 travers des vignobles, des potagers, des pergolas de citronniers, des ch\u00eanes centenaires et des maisons \u00e9l\u00e9gantes avec de beaux jardins. \">The path continues through vineyards, vegetable gardens, lemon pergolas, century-old oaks and elegant houses with beautiful gardens.<br \/>\n<\/span><span title=\"Peu avant la fin du chemin, on passe devant un Parc Philosophique.\">Shortly before the end of the road, we pass in front of a <strong>Philosophical Park<\/strong>. <\/span><span title=\"Des c\u00e9ramiques, d'artistes de Capri, y portent des maximes et des phrases philosophiques pour inviter \u00e0 des moments de r\u00e9flexion. \">Ceramics, by artists from Capri, carry maxims and philosophical phrases to invite at reflection moments.<br \/>\n<\/span><span title=\"Non loin, on rejoint le belv\u00e9d\u00e8re o\u00f9 le spectacle qui s'ouvre est saisissant.\">Not far, we join the belvedere where the show is striking. <\/span><span title=\"C'est une gorge rocheuse qui plonge dans la mer, d'o\u00f9 \u00e9merge la Punta Carena avec son phare.\">It is a rocky gorge that plunges into the sea, from which emerges Punta Carena with its lighthouse. <\/span><span title=\"Les seuls occupant sont des myriades de mouettes, mais aussi des faucons p\u00e8lerins, qui nichent sur ces rochers sauvages. \">The only occupants are myriads of seagulls, but also peregrine falcons, which nest in these wild rocks.<br \/>\n<\/span><span title=\"En remontant le sentier \u00e0 gauche du belv\u00e9d\u00e8re, apr\u00e8s une madone, on atteint un autre point de vue sur la Punta Ventroso et les Faraglioni \u00e0 l'arri\u00e8re-plan.\">Going up the path to the left of the belvedere, after a madonna, one reaches another point of view on Punta Ventroso and the Faraglioni in the background. <span id=\"result_box\" class=\"\" lang=\"en\" tabindex=\"-1\"><span class=\"\">Continuing to climb the path, one can reach the summit of <a href=\"http:\/\/www.naples-napoli.org\/en\/monte-solaro\/\">Monte Solaro<\/a>.<\/span> <span class=\"\">But beware, this trail is quite difficult.<\/span><\/span><br \/>\n<\/span><\/p>\n<p>&nbsp;<\/p>\n\n\t\t<style type=\"text\/css\">\n\t\t\t#gallery-1 {\n\t\t\t\tmargin: auto;\n\t\t\t}\n\t\t\t#gallery-1 .gallery-item {\n\t\t\t\tfloat: left;\n\t\t\t\tmargin-top: 10px;\n\t\t\t\ttext-align: center;\n\t\t\t\twidth: 14%;\n\t\t\t}\n\t\t\t#gallery-1 img {\n\t\t\t\tborder: 2px solid #cfcfcf;\n\t\t\t}\n\t\t\t#gallery-1 .gallery-caption {\n\t\t\t\tmargin-left: 0;\n\t\t\t}\n\t\t\t\/* see gallery_shortcode() in wp-includes\/media.php *\/\n\t\t<\/style>\n\t\t<div id='gallery-1' class='gallery galleryid-13160 gallery-columns-7 gallery-size-thumbnail'><dl class='gallery-item'>\n\t\t\t<dt class='gallery-icon portrait'>\n\t\t\t\t<a href='https:\/\/www.naples-napoli.org\/wp-content\/uploads\/2013\/10\/capri_belvedere_di_miraglia_5623.jpg'><img width=\"150\" height=\"150\" src=\"https:\/\/www.naples-napoli.org\/wp-content\/uploads\/2013\/10\/capri_belvedere_di_miraglia_5623-150x150.jpg\" class=\"attachment-thumbnail size-thumbnail\" alt=\"Belvedere della Migliera\" loading=\"lazy\" aria-describedby=\"gallery-1-9050\" \/><\/a>\n\t\t\t<\/dt>\n\t\t\t\t<dd class='wp-caption-text gallery-caption' id='gallery-1-9050'>\n\t\t\t\tBelvedere della Migliera\n\t\t\t\t<\/dd><\/dl><dl class='gallery-item'>\n\t\t\t<dt class='gallery-icon portrait'>\n\t\t\t\t<a href='https:\/\/www.naples-napoli.org\/wp-content\/uploads\/2013\/10\/capri_belvedere_di_miraglia_5617.jpg'><img width=\"150\" height=\"150\" src=\"https:\/\/www.naples-napoli.org\/wp-content\/uploads\/2013\/10\/capri_belvedere_di_miraglia_5617-150x150.jpg\" class=\"attachment-thumbnail size-thumbnail\" alt=\"Belvedere della Migliera\" loading=\"lazy\" aria-describedby=\"gallery-1-9046\" \/><\/a>\n\t\t\t<\/dt>\n\t\t\t\t<dd class='wp-caption-text gallery-caption' id='gallery-1-9046'>\n\t\t\t\tBelvedere della Migliera\n\t\t\t\t<\/dd><\/dl><dl class='gallery-item'>\n\t\t\t<dt class='gallery-icon landscape'>\n\t\t\t\t<a href='https:\/\/www.naples-napoli.org\/wp-content\/uploads\/2013\/10\/capri_belvedere_di_miraglia_5613.jpg'><img width=\"150\" height=\"150\" src=\"https:\/\/www.naples-napoli.org\/wp-content\/uploads\/2013\/10\/capri_belvedere_di_miraglia_5613-150x150.jpg\" class=\"attachment-thumbnail size-thumbnail\" alt=\"Belvedere della Migliera\" loading=\"lazy\" aria-describedby=\"gallery-1-9038\" \/><\/a>\n\t\t\t<\/dt>\n\t\t\t\t<dd class='wp-caption-text gallery-caption' id='gallery-1-9038'>\n\t\t\t\tBelvedere della Migliera\n\t\t\t\t<\/dd><\/dl><dl class='gallery-item'>\n\t\t\t<dt class='gallery-icon landscape'>\n\t\t\t\t<a href='https:\/\/www.naples-napoli.org\/wp-content\/uploads\/2013\/10\/capri_belvedere_di_miraglia_5614.jpg'><img width=\"150\" height=\"150\" src=\"https:\/\/www.naples-napoli.org\/wp-content\/uploads\/2013\/10\/capri_belvedere_di_miraglia_5614-150x150.jpg\" class=\"attachment-thumbnail size-thumbnail\" alt=\"Belvedere della Migliera\" loading=\"lazy\" aria-describedby=\"gallery-1-9042\" \/><\/a>\n\t\t\t<\/dt>\n\t\t\t\t<dd class='wp-caption-text gallery-caption' id='gallery-1-9042'>\n\t\t\t\tBelvedere della Migliera\n\t\t\t\t<\/dd><\/dl><dl class='gallery-item'>\n\t\t\t<dt class='gallery-icon landscape'>\n\t\t\t\t<a href='https:\/\/www.naples-napoli.org\/wp-content\/uploads\/2013\/10\/capri_belvedere_di_miraglia_5628.jpg'><img width=\"150\" height=\"150\" src=\"https:\/\/www.naples-napoli.org\/wp-content\/uploads\/2013\/10\/capri_belvedere_di_miraglia_5628-150x150.jpg\" class=\"attachment-thumbnail size-thumbnail\" alt=\"Belvedere della Migliera\" loading=\"lazy\" aria-describedby=\"gallery-1-9054\" \/><\/a>\n\t\t\t<\/dt>\n\t\t\t\t<dd class='wp-caption-text gallery-caption' id='gallery-1-9054'>\n\t\t\t\tBelvedere della Migliera\n\t\t\t\t<\/dd><\/dl><dl class='gallery-item'>\n\t\t\t<dt class='gallery-icon landscape'>\n\t\t\t\t<a href='https:\/\/www.naples-napoli.org\/wp-content\/uploads\/2013\/10\/capri_belvedere_di_miraglia_5608.jpg'><img width=\"150\" height=\"150\" src=\"https:\/\/www.naples-napoli.org\/wp-content\/uploads\/2013\/10\/capri_belvedere_di_miraglia_5608-150x150.jpg\" class=\"attachment-thumbnail size-thumbnail\" alt=\"Belvedere della Migliera\" loading=\"lazy\" aria-describedby=\"gallery-1-9030\" \/><\/a>\n\t\t\t<\/dt>\n\t\t\t\t<dd class='wp-caption-text gallery-caption' id='gallery-1-9030'>\n\t\t\t\tBelvedere della Migliera\n\t\t\t\t<\/dd><\/dl><dl class='gallery-item'>\n\t\t\t<dt class='gallery-icon portrait'>\n\t\t\t\t<a href='https:\/\/www.naples-napoli.org\/wp-content\/uploads\/2013\/10\/capri_belvedere_di_miraglia_5606.jpg'><img width=\"150\" height=\"150\" src=\"https:\/\/www.naples-napoli.org\/wp-content\/uploads\/2013\/10\/capri_belvedere_di_miraglia_5606-150x150.jpg\" class=\"attachment-thumbnail size-thumbnail\" alt=\"Belvedere della Migliera\" loading=\"lazy\" aria-describedby=\"gallery-1-9026\" \/><\/a>\n\t\t\t<\/dt>\n\t\t\t\t<dd class='wp-caption-text gallery-caption' id='gallery-1-9026'>\n\t\t\t\tBelvedere della Migliera\n\t\t\t\t<\/dd><\/dl><br style=\"clear: both\" \/><dl class='gallery-item'>\n\t\t\t<dt class='gallery-icon landscape'>\n\t\t\t\t<a href='https:\/\/www.naples-napoli.org\/wp-content\/uploads\/2013\/10\/capri_belvedere_di_miraglia_5604.jpg'><img width=\"150\" height=\"150\" src=\"https:\/\/www.naples-napoli.org\/wp-content\/uploads\/2013\/10\/capri_belvedere_di_miraglia_5604-150x150.jpg\" class=\"attachment-thumbnail size-thumbnail\" alt=\"Faro della Punta Carena\" loading=\"lazy\" aria-describedby=\"gallery-1-9022\" \/><\/a>\n\t\t\t<\/dt>\n\t\t\t\t<dd class='wp-caption-text gallery-caption' id='gallery-1-9022'>\n\t\t\t\tFaro della Punta Carena\n\t\t\t\t<\/dd><\/dl><dl class='gallery-item'>\n\t\t\t<dt class='gallery-icon landscape'>\n\t\t\t\t<a href='https:\/\/www.naples-napoli.org\/wp-content\/uploads\/2013\/10\/capri_belvedere_di_miraglia_5593.jpg'><img width=\"150\" height=\"150\" src=\"https:\/\/www.naples-napoli.org\/wp-content\/uploads\/2013\/10\/capri_belvedere_di_miraglia_5593-150x150.jpg\" class=\"attachment-thumbnail size-thumbnail\" alt=\"Faro della Punta Carena\" loading=\"lazy\" aria-describedby=\"gallery-1-8994\" \/><\/a>\n\t\t\t<\/dt>\n\t\t\t\t<dd class='wp-caption-text gallery-caption' id='gallery-1-8994'>\n\t\t\t\tFaro della Punta Carena, view from Migliera Belvedere\n\t\t\t\t<\/dd><\/dl><dl class='gallery-item'>\n\t\t\t<dt class='gallery-icon landscape'>\n\t\t\t\t<a href='https:\/\/www.naples-napoli.org\/wp-content\/uploads\/2013\/10\/capri_belvedere_di_miraglia_5596.jpg'><img width=\"150\" height=\"150\" src=\"https:\/\/www.naples-napoli.org\/wp-content\/uploads\/2013\/10\/capri_belvedere_di_miraglia_5596-150x150.jpg\" class=\"attachment-thumbnail size-thumbnail\" alt=\"Belvedere della Migliera\" loading=\"lazy\" aria-describedby=\"gallery-1-9002\" \/><\/a>\n\t\t\t<\/dt>\n\t\t\t\t<dd class='wp-caption-text gallery-caption' id='gallery-1-9002'>\n\t\t\t\tBelvedere della Migliera\n\t\t\t\t<\/dd><\/dl><dl class='gallery-item'>\n\t\t\t<dt class='gallery-icon landscape'>\n\t\t\t\t<a href='https:\/\/www.naples-napoli.org\/wp-content\/uploads\/2013\/10\/capri_belvedere_di_miraglia_5598.jpg'><img width=\"150\" height=\"150\" src=\"https:\/\/www.naples-napoli.org\/wp-content\/uploads\/2013\/10\/capri_belvedere_di_miraglia_5598-150x150.jpg\" class=\"attachment-thumbnail size-thumbnail\" alt=\"Belvedere della Migliera\" loading=\"lazy\" aria-describedby=\"gallery-1-9010\" \/><\/a>\n\t\t\t<\/dt>\n\t\t\t\t<dd class='wp-caption-text gallery-caption' id='gallery-1-9010'>\n\t\t\t\tBelvedere della Migliera\n\t\t\t\t<\/dd><\/dl><dl class='gallery-item'>\n\t\t\t<dt class='gallery-icon landscape'>\n\t\t\t\t<a href='https:\/\/www.naples-napoli.org\/wp-content\/uploads\/2013\/10\/capri_belvedere_di_miraglia_5597.jpg'><img width=\"150\" height=\"150\" src=\"https:\/\/www.naples-napoli.org\/wp-content\/uploads\/2013\/10\/capri_belvedere_di_miraglia_5597-150x150.jpg\" class=\"attachment-thumbnail size-thumbnail\" alt=\"Belvedere della Migliera\" loading=\"lazy\" aria-describedby=\"gallery-1-9006\" \/><\/a>\n\t\t\t<\/dt>\n\t\t\t\t<dd class='wp-caption-text gallery-caption' id='gallery-1-9006'>\n\t\t\t\tBelvedere della Migliera\n\t\t\t\t<\/dd><\/dl><dl class='gallery-item'>\n\t\t\t<dt class='gallery-icon landscape'>\n\t\t\t\t<a href='https:\/\/www.naples-napoli.org\/wp-content\/uploads\/2013\/10\/capri_belvedere_di_miraglia_5594.jpg'><img width=\"150\" height=\"150\" src=\"https:\/\/www.naples-napoli.org\/wp-content\/uploads\/2013\/10\/capri_belvedere_di_miraglia_5594-150x150.jpg\" class=\"attachment-thumbnail size-thumbnail\" alt=\"Belvedere della Migliera\" loading=\"lazy\" aria-describedby=\"gallery-1-8998\" \/><\/a>\n\t\t\t<\/dt>\n\t\t\t\t<dd class='wp-caption-text gallery-caption' id='gallery-1-8998'>\n\t\t\t\tBelvedere della Migliera\n\t\t\t\t<\/dd><\/dl><dl class='gallery-item'>\n\t\t\t<dt class='gallery-icon landscape'>\n\t\t\t\t<a href='https:\/\/www.naples-napoli.org\/wp-content\/uploads\/2013\/10\/capri_belvedere_di_miraglia_5592.jpg'><img width=\"150\" height=\"150\" src=\"https:\/\/www.naples-napoli.org\/wp-content\/uploads\/2013\/10\/capri_belvedere_di_miraglia_5592-150x150.jpg\" class=\"attachment-thumbnail size-thumbnail\" alt=\"Sentiero del Belvedere della Migliera\" loading=\"lazy\" aria-describedby=\"gallery-1-8990\" \/><\/a>\n\t\t\t<\/dt>\n\t\t\t\t<dd class='wp-caption-text gallery-caption' id='gallery-1-8990'>\n\t\t\t\tRoute du Belvedere di Migliera\n\t\t\t\t<\/dd><\/dl><br style=\"clear: both\" \/><dl class='gallery-item'>\n\t\t\t<dt class='gallery-icon landscape'>\n\t\t\t\t<a href='https:\/\/www.naples-napoli.org\/wp-content\/uploads\/2013\/10\/capri_belvedere_di_miraglia_5588.jpg'><img width=\"150\" height=\"150\" src=\"https:\/\/www.naples-napoli.org\/wp-content\/uploads\/2013\/10\/capri_belvedere_di_miraglia_5588-150x150.jpg\" class=\"attachment-thumbnail size-thumbnail\" alt=\"Route du Belvedere di Migliera\" loading=\"lazy\" aria-describedby=\"gallery-1-8986\" \/><\/a>\n\t\t\t<\/dt>\n\t\t\t\t<dd class='wp-caption-text gallery-caption' id='gallery-1-8986'>\n\t\t\t\tRoute du Belvedere di Migliera\n\t\t\t\t<\/dd><\/dl><dl class='gallery-item'>\n\t\t\t<dt class='gallery-icon landscape'>\n\t\t\t\t<a href='https:\/\/www.naples-napoli.org\/wp-content\/uploads\/2013\/10\/capri_belvedere_di_miraglia_5583.jpg'><img width=\"150\" height=\"150\" src=\"https:\/\/www.naples-napoli.org\/wp-content\/uploads\/2013\/10\/capri_belvedere_di_miraglia_5583-150x150.jpg\" class=\"attachment-thumbnail size-thumbnail\" alt=\"Chemin de Migliera\" loading=\"lazy\" aria-describedby=\"gallery-1-8982\" \/><\/a>\n\t\t\t<\/dt>\n\t\t\t\t<dd class='wp-caption-text gallery-caption' id='gallery-1-8982'>\n\t\t\t\tAnacapri, Chemin de Migliera\n\t\t\t\t<\/dd><\/dl>\n\t\t\t<br style='clear: both' \/>\n\t\t<\/div>\n\n<p>&nbsp;<\/p>\n<div id=\"lmm_8012cf26\" style=\"width:550px;\" class=\"mapsmarker markermap marker-55\">\n<div id=\"lmm_panel_8012cf26\" class=\"lmm-panel\" style=\"background:#efefef;\">\n<div id=\"lmm_panel_api_8012cf26\" class=\"lmm-panel-api\"><a href=\"https:\/\/maps.google.com\/maps?daddr=Capri%2C+NA%2C+Italia&amp;t=m&amp;layer=1&amp;doflg=ptk&amp;om=0\" target=\"_blank\" title=\"Get directions\"><img alt=\"icon-car.png\" src=\"https:\/\/www.naples-napoli.org\/wp-content\/plugins\/leaflet-maps-marker\/inc\/img\/icon-car.png\" width=\"14\" height=\"14\" class=\"lmm-panel-api-images\" \/><\/a><a href=\"https:\/\/www.naples-napoli.org\/wp-content\/plugins\/leaflet-maps-marker\/leaflet-kml.php?marker=55&amp;name=show\" style=\"text-decoration:none;\" title=\"Export as KML for Google Earth\/Google Maps\"><img src=\"https:\/\/www.naples-napoli.org\/wp-content\/plugins\/leaflet-maps-marker\/inc\/img\/icon-kml.png\" width=\"14\" height=\"14\" alt=\"KML-Logo\" class=\"lmm-panel-api-images\" \/><\/a><a href=\"https:\/\/www.naples-napoli.org\/wp-content\/plugins\/leaflet-maps-marker\/leaflet-fullscreen.php?marker=55\" style=\"text-decoration:none;\" title=\"Open standalone map in fullscreen mode\" target=\"_blank\"><img src=\"https:\/\/www.naples-napoli.org\/wp-content\/plugins\/leaflet-maps-marker\/inc\/img\/icon-fullscreen.png\" width=\"14\" height=\"14\" alt=\"Fullscreen-Logo\" class=\"lmm-panel-api-images\" \/><\/a><a href=\"https:\/\/www.naples-napoli.org\/wp-content\/plugins\/leaflet-maps-marker\/leaflet-geojson.php?marker=55&amp;callback=jsonp&amp;full=yes&amp;full_icon_url=yes\" style=\"text-decoration:none;\" title=\"Export as GeoJSON\" target=\"_blank\"><img src=\"https:\/\/www.naples-napoli.org\/wp-content\/plugins\/leaflet-maps-marker\/inc\/img\/icon-json.png\" width=\"14\" height=\"14\" alt=\"GeoJSON-Logo\" class=\"lmm-panel-api-images\" \/><\/a><a href=\"https:\/\/www.naples-napoli.org\/wp-content\/plugins\/leaflet-maps-marker\/leaflet-georss.php?marker=55\" style=\"text-decoration:none;\" title=\"Export as GeoRSS\" target=\"_blank\"><img src=\"https:\/\/www.naples-napoli.org\/wp-content\/plugins\/leaflet-maps-marker\/inc\/img\/icon-georss.png\" width=\"14\" height=\"14\" alt=\"GeoRSS-Logo\" class=\"lmm-panel-api-images\" \/><\/a><\/div><div id=\"lmm_panel_text_8012cf26\" class=\"lmm-panel-text\" style=\"font-weight:bold;color:#373737;\">Belvedere di Migliera, Capri<\/div><\/div>\n<div id=\"lmm_map_8012cf26\" class=\"lmm-map\" style=\"background:#f6f6f6;border:1px solid #ccc;height:400px; overflow:hidden;padding:0;\"><p style=\"font-size:80%;color:#9f9e9e;margin-left:5px;\">loading map - please wait...<noscript><br\/><strong>Map could not be loaded - please enable Javascript!<\/strong><br\/><a style=\"text-decoration:none;\" href=\"https:\/\/www.mapsmarker.com\/js-disabled\" target=\"_blank\">&rarr; more information<\/a><\/noscript><\/p><\/div>\n<div id=\"lmm_geo_tags_8012cf26\" class=\"lmm-geo-tags geo\">\n<span class=\"paneltext\">Belvedere di Migliera, Capri<\/span>\n<span class=\"latitude\">40.539080<\/span>, <span class=\"longitude\">14.209614<\/span>\n<span class=\"popuptext\"> Belv\u00e9d\u00e8re de Mireglia<\/span>\n<\/div>\n<\/div>\n","protected":false},"excerpt":{"rendered":"<p>The path of Migliera is a very beautiful walk, easy, quite short and uncrowded, which leaves from Anacapri, crosses local cultures, vineyards, trees, beautiful gardens, to end at Belvedere del Tuono, one of the most beautiful views of the island of Capri.<\/p>\n<p>It is from the foot of Monte Solaro, on the right of Piazza Vittoria, that one take this flat road, passing Via Caposcuro, and then Via Migliera.<\/p>\n","protected":false},"author":1,"featured_media":9038,"comment_status":"open","ping_status":"open","sticky":false,"template":"","format":"standard","meta":{"_links_to":"","_links_to_target":""},"categories":[247,107],"tags":[],"acf":[],"yoast_head":"<!-- This site is optimized with the Yoast SEO plugin v18.3 - https:\/\/yoast.com\/wordpress\/plugins\/seo\/ -->\n<title>The Migliera path | Naples-Napoli<\/title>\n<meta name=\"robots\" content=\"index, follow, max-snippet:-1, max-image-preview:large, max-video-preview:-1\" \/>\n<link rel=\"canonical\" href=\"https:\/\/www.naples-napoli.org\/en\/the-migliera-path\/\" \/>\n<meta property=\"og:locale\" content=\"en_US\" \/>\n<meta property=\"og:type\" content=\"article\" \/>\n<meta property=\"og:title\" content=\"The Migliera path | Naples-Napoli\" \/>\n<meta property=\"og:description\" content=\"The path of Migliera is a very beautiful walk, easy, quite short and uncrowded, which leaves from Anacapri, crosses local cultures, vineyards, trees, beautiful gardens, to end at Belvedere del Tuono, one of the most beautiful views of the island of Capri.  It is from the foot of Monte Solaro, on the right of Piazza Vittoria, that one take this flat road, passing Via Caposcuro, and then Via Migliera.\" \/>\n<meta property=\"og:url\" content=\"https:\/\/www.naples-napoli.org\/en\/the-migliera-path\/\" \/>\n<meta property=\"og:site_name\" content=\"Naples-Napoli\" \/>\n<meta property=\"article:author\" content=\"https:\/\/www.facebook.com\/naplesnapoli\" \/>\n<meta property=\"article:published_time\" content=\"2018-05-30T13:30:56+00:00\" \/>\n<meta property=\"article:modified_time\" content=\"2018-06-03T11:47:39+00:00\" \/>\n<meta property=\"og:image\" content=\"https:\/\/www.naples-napoli.org\/wp-content\/uploads\/2013\/10\/capri_belvedere_di_miraglia_5613.jpg\" \/>\n\t<meta property=\"og:image:width\" content=\"750\" \/>\n\t<meta property=\"og:image:height\" content=\"500\" \/>\n\t<meta property=\"og:image:type\" content=\"image\/jpeg\" \/>\n<meta name=\"twitter:label1\" content=\"Written by\" \/>\n\t<meta name=\"twitter:data1\" content=\"Guglielmo\" \/>\n\t<meta name=\"twitter:label2\" content=\"Est. reading time\" \/>\n\t<meta name=\"twitter:data2\" content=\"1 minute\" \/>\n<script type=\"application\/ld+json\" class=\"yoast-schema-graph\">{\"@context\":\"https:\/\/schema.org\",\"@graph\":[{\"@type\":\"WebSite\",\"@id\":\"https:\/\/www.naples-napoli.org\/en\/#website\",\"url\":\"https:\/\/www.naples-napoli.org\/en\/\",\"name\":\"Naples-Napoli\",\"description\":\"D\u00e9couverte de Naples et de la r\u00e9gion Campanie\",\"potentialAction\":[{\"@type\":\"SearchAction\",\"target\":{\"@type\":\"EntryPoint\",\"urlTemplate\":\"https:\/\/www.naples-napoli.org\/en\/?s={search_term_string}\"},\"query-input\":\"required name=search_term_string\"}],\"inLanguage\":\"en-US\"},{\"@type\":\"ImageObject\",\"@id\":\"https:\/\/www.naples-napoli.org\/en\/the-migliera-path\/#primaryimage\",\"inLanguage\":\"en-US\",\"url\":\"https:\/\/www.naples-napoli.org\/wp-content\/uploads\/2013\/10\/capri_belvedere_di_miraglia_5613.jpg\",\"contentUrl\":\"https:\/\/www.naples-napoli.org\/wp-content\/uploads\/2013\/10\/capri_belvedere_di_miraglia_5613.jpg\",\"width\":750,\"height\":500,\"caption\":\"Belvedere della Migliera\"},{\"@type\":\"WebPage\",\"@id\":\"https:\/\/www.naples-napoli.org\/en\/the-migliera-path\/#webpage\",\"url\":\"https:\/\/www.naples-napoli.org\/en\/the-migliera-path\/\",\"name\":\"The Migliera path | Naples-Napoli\",\"isPartOf\":{\"@id\":\"https:\/\/www.naples-napoli.org\/en\/#website\"},\"primaryImageOfPage\":{\"@id\":\"https:\/\/www.naples-napoli.org\/en\/the-migliera-path\/#primaryimage\"},\"datePublished\":\"2018-05-30T13:30:56+00:00\",\"dateModified\":\"2018-06-03T11:47:39+00:00\",\"author\":{\"@id\":\"https:\/\/www.naples-napoli.org\/en\/#\/schema\/person\/eaeed251b2417dc620e5b1f24fce48f6\"},\"breadcrumb\":{\"@id\":\"https:\/\/www.naples-napoli.org\/en\/the-migliera-path\/#breadcrumb\"},\"inLanguage\":\"en-US\",\"potentialAction\":[{\"@type\":\"ReadAction\",\"target\":[\"https:\/\/www.naples-napoli.org\/en\/the-migliera-path\/\"]}]},{\"@type\":\"BreadcrumbList\",\"@id\":\"https:\/\/www.naples-napoli.org\/en\/the-migliera-path\/#breadcrumb\",\"itemListElement\":[{\"@type\":\"ListItem\",\"position\":1,\"name\":\"The Migliera path\"}]},{\"@type\":\"Person\",\"@id\":\"https:\/\/www.naples-napoli.org\/en\/#\/schema\/person\/eaeed251b2417dc620e5b1f24fce48f6\",\"name\":\"Guglielmo\",\"image\":{\"@type\":\"ImageObject\",\"@id\":\"https:\/\/www.naples-napoli.org\/en\/#personlogo\",\"inLanguage\":\"en-US\",\"url\":\"https:\/\/secure.gravatar.com\/avatar\/48c4ea16ecf3502a14486f27963bd474?s=96&d=mm&r=g\",\"contentUrl\":\"https:\/\/secure.gravatar.com\/avatar\/48c4ea16ecf3502a14486f27963bd474?s=96&d=mm&r=g\",\"caption\":\"Guglielmo\"},\"sameAs\":[\"https:\/\/www.facebook.com\/naplesnapoli\"]}]}<\/script>\n<!-- \/ Yoast SEO plugin. -->","yoast_head_json":{"title":"The Migliera path | Naples-Napoli","robots":{"index":"index","follow":"follow","max-snippet":"max-snippet:-1","max-image-preview":"max-image-preview:large","max-video-preview":"max-video-preview:-1"},"canonical":"https:\/\/www.naples-napoli.org\/en\/the-migliera-path\/","og_locale":"en_US","og_type":"article","og_title":"The Migliera path | Naples-Napoli","og_description":"The path of Migliera is a very beautiful walk, easy, quite short and uncrowded, which leaves from Anacapri, crosses local cultures, vineyards, trees, beautiful gardens, to end at Belvedere del Tuono, one of the most beautiful views of the island of Capri.  It is from the foot of Monte Solaro, on the right of Piazza Vittoria, that one take this flat road, passing Via Caposcuro, and then Via Migliera.","og_url":"https:\/\/www.naples-napoli.org\/en\/the-migliera-path\/","og_site_name":"Naples-Napoli","article_author":"https:\/\/www.facebook.com\/naplesnapoli","article_published_time":"2018-05-30T13:30:56+00:00","article_modified_time":"2018-06-03T11:47:39+00:00","og_image":[{"width":750,"height":500,"url":"https:\/\/www.naples-napoli.org\/wp-content\/uploads\/2013\/10\/capri_belvedere_di_miraglia_5613.jpg","type":"image\/jpeg"}],"twitter_misc":{"Written by":"Guglielmo","Est. reading time":"1 minute"},"schema":{"@context":"https:\/\/schema.org","@graph":[{"@type":"WebSite","@id":"https:\/\/www.naples-napoli.org\/en\/#website","url":"https:\/\/www.naples-napoli.org\/en\/","name":"Naples-Napoli","description":"D\u00e9couverte de Naples et de la r\u00e9gion Campanie","potentialAction":[{"@type":"SearchAction","target":{"@type":"EntryPoint","urlTemplate":"https:\/\/www.naples-napoli.org\/en\/?s={search_term_string}"},"query-input":"required name=search_term_string"}],"inLanguage":"en-US"},{"@type":"ImageObject","@id":"https:\/\/www.naples-napoli.org\/en\/the-migliera-path\/#primaryimage","inLanguage":"en-US","url":"https:\/\/www.naples-napoli.org\/wp-content\/uploads\/2013\/10\/capri_belvedere_di_miraglia_5613.jpg","contentUrl":"https:\/\/www.naples-napoli.org\/wp-content\/uploads\/2013\/10\/capri_belvedere_di_miraglia_5613.jpg","width":750,"height":500,"caption":"Belvedere della Migliera"},{"@type":"WebPage","@id":"https:\/\/www.naples-napoli.org\/en\/the-migliera-path\/#webpage","url":"https:\/\/www.naples-napoli.org\/en\/the-migliera-path\/","name":"The Migliera path | Naples-Napoli","isPartOf":{"@id":"https:\/\/www.naples-napoli.org\/en\/#website"},"primaryImageOfPage":{"@id":"https:\/\/www.naples-napoli.org\/en\/the-migliera-path\/#primaryimage"},"datePublished":"2018-05-30T13:30:56+00:00","dateModified":"2018-06-03T11:47:39+00:00","author":{"@id":"https:\/\/www.naples-napoli.org\/en\/#\/schema\/person\/eaeed251b2417dc620e5b1f24fce48f6"},"breadcrumb":{"@id":"https:\/\/www.naples-napoli.org\/en\/the-migliera-path\/#breadcrumb"},"inLanguage":"en-US","potentialAction":[{"@type":"ReadAction","target":["https:\/\/www.naples-napoli.org\/en\/the-migliera-path\/"]}]},{"@type":"BreadcrumbList","@id":"https:\/\/www.naples-napoli.org\/en\/the-migliera-path\/#breadcrumb","itemListElement":[{"@type":"ListItem","position":1,"name":"The Migliera path"}]},{"@type":"Person","@id":"https:\/\/www.naples-napoli.org\/en\/#\/schema\/person\/eaeed251b2417dc620e5b1f24fce48f6","name":"Guglielmo","image":{"@type":"ImageObject","@id":"https:\/\/www.naples-napoli.org\/en\/#personlogo","inLanguage":"en-US","url":"https:\/\/secure.gravatar.com\/avatar\/48c4ea16ecf3502a14486f27963bd474?s=96&d=mm&r=g","contentUrl":"https:\/\/secure.gravatar.com\/avatar\/48c4ea16ecf3502a14486f27963bd474?s=96&d=mm&r=g","caption":"Guglielmo"},"sameAs":["https:\/\/www.facebook.com\/naplesnapoli"]}]}},"_links":{"self":[{"href":"https:\/\/www.naples-napoli.org\/en\/wp-json\/wp\/v2\/posts\/13160"}],"collection":[{"href":"https:\/\/www.naples-napoli.org\/en\/wp-json\/wp\/v2\/posts"}],"about":[{"href":"https:\/\/www.naples-napoli.org\/en\/wp-json\/wp\/v2\/types\/post"}],"author":[{"embeddable":true,"href":"https:\/\/www.naples-napoli.org\/en\/wp-json\/wp\/v2\/users\/1"}],"replies":[{"embeddable":true,"href":"https:\/\/www.naples-napoli.org\/en\/wp-json\/wp\/v2\/comments?post=13160"}],"version-history":[{"count":6,"href":"https:\/\/www.naples-napoli.org\/en\/wp-json\/wp\/v2\/posts\/13160\/revisions"}],"predecessor-version":[{"id":13170,"href":"https:\/\/www.naples-napoli.org\/en\/wp-json\/wp\/v2\/posts\/13160\/revisions\/13170"}],"wp:featuredmedia":[{"embeddable":true,"href":"https:\/\/www.naples-napoli.org\/en\/wp-json\/wp\/v2\/media\/9038"}],"wp:attachment":[{"href":"https:\/\/www.naples-napoli.org\/en\/wp-json\/wp\/v2\/media?parent=13160"}],"wp:term":[{"taxonomy":"category","embeddable":true,"href":"https:\/\/www.naples-napoli.org\/en\/wp-json\/wp\/v2\/categories?post=13160"},{"taxonomy":"post_tag","embeddable":true,"href":"https:\/\/www.naples-napoli.org\/en\/wp-json\/wp\/v2\/tags?post=13160"}],"curies":[{"name":"wp","href":"https:\/\/api.w.org\/{rel}","templated":true}]}}