{"id":12989,"date":"2018-06-01T11:58:13","date_gmt":"2018-06-01T10:58:13","guid":{"rendered":"http:\/\/www.naples-napoli.org\/?p=12989"},"modified":"2018-06-03T12:47:12","modified_gmt":"2018-06-03T11:47:12","slug":"gardens-of-augustus-and-via-krupp","status":"publish","type":"post","link":"https:\/\/www.naples-napoli.org\/en\/gardens-of-augustus-and-via-krupp\/","title":{"rendered":"Gardens of Augustus and Via Krupp"},"content":{"rendered":"<p><span id=\"result_box\" class=\"\" lang=\"en\" tabindex=\"-1\"><span title=\"C'est depuis ces jardins d'Auguste (Giardini di Augusto en italien, anciennement d\u00e9sign\u00e9s comme jardins de Krupp) que l'on jouit de l'une des plus belles vues de Capri, avec les Faraglioni en arri\u00e8re-plan. \">It is from these <strong>gardens of Augustus<\/strong> (<em>Giardini di Augusto<\/em> in Italian, formerly designated as Krupp gardens) that one enjoys one of the most beautiful views of Capri, with the <strong>Faraglioni<\/strong> in the background.<br \/>\n<\/span><span title=\"Construits \u00e0 l'initiative de l'industriel allemand Alfred Krupp au d\u00e9but du XXe si\u00e8cle, ces jardins sont constitu\u00e9s de plusieurs terrasses fleuries, avec vue sur le Monte Solaro, sur les Faraglioni d'un c\u00f4t\u00e9, et de l'autre sur la Marina\">Built at the initiative of the German industrialist <strong>Alfred Krupp<\/strong> in the early twentieth century, these gardens consist of several flower terraces, overlooking the Monte Solaro, the Faraglioni on one side, and on the other the Marina <\/span><span title=\"Piccola et la tortueuse Via Krupp construite \u00e0 flanc de falaise.\">Piccola and the tortuous Via Krupp built on the side of a cliff. <\/span><span title=\"A proximit\u00e9 se trouve la Chartreuse Saint-Jacques (Certosa di San Giacomo). \">Nearby is the Certosa di San Giacomo.<br \/>\n<\/span><span title=\"Krupp voulait y construire une villa, ce qu'il ne r\u00e9alisa finalement pas. \">Krupp wanted to build a villa there, which he finally did not realize.<\/span><\/span><\/p>\n<p><span title=\"La Via Krupp est issue d'une demande de l'industriel \u00e0 l'ing\u00e9nieur Emilio Mayer de construire une route menant de ses jardins d'Auguste \u00e0 la Marina Piccola o\u00f9 il accostait avec son yacht.\">The <strong>Via Krupp<\/strong> came from a request from the industrialist to the engineer Emilio Mayer to build a road leading from his gardens of Augustus to Marina Piccola where he docked his yacht. <\/span><span title=\"Afin de rejoindre plus rapidement son hotel Quisisana. \">In order to reach his hotel Quisisana more quickly.<\/span><\/p>\n<p><span title=\"La roche a ainsi \u00e9t\u00e9 d\u00e9coup\u00e9e sur un d\u00e9nivel\u00e9 de pr\u00e8s de 100 m\u00e8tres, construisant une route spectaculaire avec ses virages en \u00e9pingles tr\u00e8s serr\u00e9s.\">The rock was thus cut on a vertical drop of almost 100 meters, building a spectacular road with its very tight hairpin bends.<\/span><\/p>\n<p>&nbsp;<\/p>\n<blockquote><p><span lang=\"fr-FR\"><span id=\"result_box\" class=\"short_text\" lang=\"en\" tabindex=\"-1\">Useful information<\/span><\/span><\/p>\n<ul>\n<li><span id=\"result_box\" class=\"\" lang=\"en\" tabindex=\"-1\">Currently, the Via Krupp is closed due to the risk of falling rocks. It can only be seen from the gardens of Augustus (May 28, 2018).<\/span><\/li>\n<li><span id=\"result_box\" class=\"\" lang=\"en\" tabindex=\"-1\">Entry to the gardens : \u20ac 1, open from april to october from 9:30 am to 7:30 pm. In march and november from 9:30 am to 5:30 pm.<\/span><\/li>\n<li><span id=\"result_box\" class=\"\" lang=\"en\" tabindex=\"-1\">How to reach the gardens of Augustus and Via Krupp: easily accessible from the piazzetta of Capri, following Via Vittorio Emanuele, Via Federico Serena, and Via Matteotti.<\/span><\/li>\n<\/ul>\n<\/blockquote>\n<p>&nbsp;<\/p>\n<div id=\"lmm_af9485ea\" style=\"width:550px;\" class=\"mapsmarker markermap marker-62\">\n<div id=\"lmm_panel_af9485ea\" class=\"lmm-panel\" style=\"background:#efefef;\">\n<div id=\"lmm_panel_api_af9485ea\" class=\"lmm-panel-api\"><a href=\"https:\/\/maps.google.com\/maps?daddr=Giardini+di+Augusto&amp;t=m&amp;layer=1&amp;doflg=ptk&amp;om=0\" target=\"_blank\" title=\"Get directions\"><img alt=\"icon-car.png\" src=\"https:\/\/www.naples-napoli.org\/wp-content\/plugins\/leaflet-maps-marker\/inc\/img\/icon-car.png\" width=\"14\" height=\"14\" class=\"lmm-panel-api-images\" \/><\/a><a href=\"https:\/\/www.naples-napoli.org\/wp-content\/plugins\/leaflet-maps-marker\/leaflet-kml.php?marker=62&amp;name=show\" style=\"text-decoration:none;\" title=\"Export as KML for Google Earth\/Google Maps\"><img src=\"https:\/\/www.naples-napoli.org\/wp-content\/plugins\/leaflet-maps-marker\/inc\/img\/icon-kml.png\" width=\"14\" height=\"14\" alt=\"KML-Logo\" class=\"lmm-panel-api-images\" \/><\/a><a href=\"https:\/\/www.naples-napoli.org\/wp-content\/plugins\/leaflet-maps-marker\/leaflet-fullscreen.php?marker=62\" style=\"text-decoration:none;\" title=\"Open standalone map in fullscreen mode\" target=\"_blank\"><img src=\"https:\/\/www.naples-napoli.org\/wp-content\/plugins\/leaflet-maps-marker\/inc\/img\/icon-fullscreen.png\" width=\"14\" height=\"14\" alt=\"Fullscreen-Logo\" class=\"lmm-panel-api-images\" \/><\/a><a href=\"https:\/\/www.naples-napoli.org\/wp-content\/plugins\/leaflet-maps-marker\/leaflet-geojson.php?marker=62&amp;callback=jsonp&amp;full=yes&amp;full_icon_url=yes\" style=\"text-decoration:none;\" title=\"Export as GeoJSON\" target=\"_blank\"><img src=\"https:\/\/www.naples-napoli.org\/wp-content\/plugins\/leaflet-maps-marker\/inc\/img\/icon-json.png\" width=\"14\" height=\"14\" alt=\"GeoJSON-Logo\" class=\"lmm-panel-api-images\" \/><\/a><a href=\"https:\/\/www.naples-napoli.org\/wp-content\/plugins\/leaflet-maps-marker\/leaflet-georss.php?marker=62\" style=\"text-decoration:none;\" title=\"Export as GeoRSS\" target=\"_blank\"><img src=\"https:\/\/www.naples-napoli.org\/wp-content\/plugins\/leaflet-maps-marker\/inc\/img\/icon-georss.png\" width=\"14\" height=\"14\" alt=\"GeoRSS-Logo\" class=\"lmm-panel-api-images\" \/><\/a><\/div><div id=\"lmm_panel_text_af9485ea\" class=\"lmm-panel-text\" style=\"font-weight:bold;color:#373737;\">Giardini di Augusto et Via Krupp<\/div><\/div>\n<div id=\"lmm_map_af9485ea\" class=\"lmm-map\" style=\"background:#f6f6f6;border:1px solid #ccc;height:400px; overflow:hidden;padding:0;\"><p style=\"font-size:80%;color:#9f9e9e;margin-left:5px;\">loading map - please wait...<noscript><br\/><strong>Map could not be loaded - please enable Javascript!<\/strong><br\/><a style=\"text-decoration:none;\" href=\"https:\/\/www.mapsmarker.com\/js-disabled\" target=\"_blank\">&rarr; more information<\/a><\/noscript><\/p><\/div>\n<div id=\"lmm_geo_tags_af9485ea\" class=\"lmm-geo-tags geo\">\n<span class=\"paneltext\">Giardini di Augusto et Via Krupp<\/span>\n<span class=\"latitude\">40.546939<\/span>, <span class=\"longitude\">14.243045<\/span>\n<span class=\"popuptext\"> Jardins d\\'Auguste et Via Krupp<\/span>\n<\/div>\n<\/div>\n<blockquote><p><span style=\"text-decoration: underline;\"><em>Learn more<\/em><\/span> :<\/p>\n<ul>\n<li><a href=\"https:\/\/www.coopculture.it\/heritage.cfm?id=204\" target=\"_blank\" rel=\"noopener\">www.coopculture.it\/heritage.cfm?id=204<\/a><\/li>\n<li><a href=\"https:\/\/en.wikipedia.org\/wiki\/Gardens_of_Augustus\" target=\"_blank\" rel=\"noopener\">en.wikipedia.org\/wiki\/Gardens_of_Augustus<\/a> et <a href=\"https:\/\/en.wikipedia.org\/wiki\/Via_Krupp\" target=\"_blank\" rel=\"noopener\">en.wikipedia.org\/wiki\/Via_Krupp<\/a><\/li>\n<li><a href=\"https:\/\/www.capri.it\/it\/s\/giardini-di-augusto-e-via-krupp\" target=\"_blank\" rel=\"noopener\">www.capri.it<\/a><\/li>\n<\/ul>\n<\/blockquote>\n","protected":false},"excerpt":{"rendered":"<p>It is from these gardens of Augustus (Giardini di Augusto in Italian, formerly designated as Krupp gardens) that one enjoys one of the most beautiful views of Capri, with the Faraglioni in the background. Built at the initiative of the German industrialist Alfred Krupp in the early twentieth century, these gardens consist of several flower [&hellip;]<\/p>\n","protected":false},"author":1,"featured_media":12977,"comment_status":"open","ping_status":"open","sticky":false,"template":"","format":"standard","meta":{"_links_to":"","_links_to_target":""},"categories":[247,107],"tags":[],"acf":[],"yoast_head":"<!-- This site is optimized with the Yoast SEO plugin v18.3 - https:\/\/yoast.com\/wordpress\/plugins\/seo\/ -->\n<title>Gardens of Augustus and Via Krupp | Naples-Napoli<\/title>\n<meta name=\"robots\" content=\"index, follow, max-snippet:-1, max-image-preview:large, max-video-preview:-1\" \/>\n<link rel=\"canonical\" href=\"https:\/\/www.naples-napoli.org\/en\/gardens-of-augustus-and-via-krupp\/\" \/>\n<meta property=\"og:locale\" content=\"en_US\" \/>\n<meta property=\"og:type\" content=\"article\" \/>\n<meta property=\"og:title\" content=\"Gardens of Augustus and Via Krupp | Naples-Napoli\" \/>\n<meta property=\"og:description\" content=\"It is from these gardens of Augustus (Giardini di Augusto in Italian, formerly designated as Krupp gardens) that one enjoys one of the most beautiful views of Capri, with the Faraglioni in the background. Built at the initiative of the German industrialist Alfred Krupp in the early twentieth century, these gardens consist of several flower [&hellip;]\" \/>\n<meta property=\"og:url\" content=\"https:\/\/www.naples-napoli.org\/en\/gardens-of-augustus-and-via-krupp\/\" \/>\n<meta property=\"og:site_name\" content=\"Naples-Napoli\" \/>\n<meta property=\"article:author\" content=\"https:\/\/www.facebook.com\/naplesnapoli\" \/>\n<meta property=\"article:published_time\" content=\"2018-06-01T10:58:13+00:00\" \/>\n<meta property=\"article:modified_time\" content=\"2018-06-03T11:47:12+00:00\" \/>\n<meta property=\"og:image\" content=\"https:\/\/www.naples-napoli.org\/wp-content\/uploads\/2018\/05\/grotta-azzurra.jpg\" \/>\n\t<meta property=\"og:image:width\" content=\"800\" \/>\n\t<meta property=\"og:image:height\" content=\"493\" \/>\n\t<meta property=\"og:image:type\" content=\"image\/jpeg\" \/>\n<meta name=\"twitter:label1\" content=\"Written by\" \/>\n\t<meta name=\"twitter:data1\" content=\"Guglielmo\" \/>\n\t<meta name=\"twitter:label2\" content=\"Est. reading time\" \/>\n\t<meta name=\"twitter:data2\" content=\"1 minute\" \/>\n<script type=\"application\/ld+json\" class=\"yoast-schema-graph\">{\"@context\":\"https:\/\/schema.org\",\"@graph\":[{\"@type\":\"WebSite\",\"@id\":\"https:\/\/www.naples-napoli.org\/en\/#website\",\"url\":\"https:\/\/www.naples-napoli.org\/en\/\",\"name\":\"Naples-Napoli\",\"description\":\"D\u00e9couverte de Naples et de la r\u00e9gion Campanie\",\"potentialAction\":[{\"@type\":\"SearchAction\",\"target\":{\"@type\":\"EntryPoint\",\"urlTemplate\":\"https:\/\/www.naples-napoli.org\/en\/?s={search_term_string}\"},\"query-input\":\"required name=search_term_string\"}],\"inLanguage\":\"en-US\"},{\"@type\":\"ImageObject\",\"@id\":\"https:\/\/www.naples-napoli.org\/en\/gardens-of-augustus-and-via-krupp\/#primaryimage\",\"inLanguage\":\"en-US\",\"url\":\"https:\/\/www.naples-napoli.org\/wp-content\/uploads\/2018\/05\/grotta-azzurra.jpg\",\"contentUrl\":\"https:\/\/www.naples-napoli.org\/wp-content\/uploads\/2018\/05\/grotta-azzurra.jpg\",\"width\":800,\"height\":493,\"caption\":\"Ivan Konstantinovi\u010d Ajvazovskij, La grotta Azzurra (1841)\"},{\"@type\":\"WebPage\",\"@id\":\"https:\/\/www.naples-napoli.org\/en\/gardens-of-augustus-and-via-krupp\/#webpage\",\"url\":\"https:\/\/www.naples-napoli.org\/en\/gardens-of-augustus-and-via-krupp\/\",\"name\":\"Gardens of Augustus and Via Krupp | Naples-Napoli\",\"isPartOf\":{\"@id\":\"https:\/\/www.naples-napoli.org\/en\/#website\"},\"primaryImageOfPage\":{\"@id\":\"https:\/\/www.naples-napoli.org\/en\/gardens-of-augustus-and-via-krupp\/#primaryimage\"},\"datePublished\":\"2018-06-01T10:58:13+00:00\",\"dateModified\":\"2018-06-03T11:47:12+00:00\",\"author\":{\"@id\":\"https:\/\/www.naples-napoli.org\/en\/#\/schema\/person\/eaeed251b2417dc620e5b1f24fce48f6\"},\"breadcrumb\":{\"@id\":\"https:\/\/www.naples-napoli.org\/en\/gardens-of-augustus-and-via-krupp\/#breadcrumb\"},\"inLanguage\":\"en-US\",\"potentialAction\":[{\"@type\":\"ReadAction\",\"target\":[\"https:\/\/www.naples-napoli.org\/en\/gardens-of-augustus-and-via-krupp\/\"]}]},{\"@type\":\"BreadcrumbList\",\"@id\":\"https:\/\/www.naples-napoli.org\/en\/gardens-of-augustus-and-via-krupp\/#breadcrumb\",\"itemListElement\":[{\"@type\":\"ListItem\",\"position\":1,\"name\":\"Gardens of Augustus and Via Krupp\"}]},{\"@type\":\"Person\",\"@id\":\"https:\/\/www.naples-napoli.org\/en\/#\/schema\/person\/eaeed251b2417dc620e5b1f24fce48f6\",\"name\":\"Guglielmo\",\"image\":{\"@type\":\"ImageObject\",\"@id\":\"https:\/\/www.naples-napoli.org\/en\/#personlogo\",\"inLanguage\":\"en-US\",\"url\":\"https:\/\/secure.gravatar.com\/avatar\/48c4ea16ecf3502a14486f27963bd474?s=96&d=mm&r=g\",\"contentUrl\":\"https:\/\/secure.gravatar.com\/avatar\/48c4ea16ecf3502a14486f27963bd474?s=96&d=mm&r=g\",\"caption\":\"Guglielmo\"},\"sameAs\":[\"https:\/\/www.facebook.com\/naplesnapoli\"]}]}<\/script>\n<!-- \/ Yoast SEO plugin. -->","yoast_head_json":{"title":"Gardens of Augustus and Via Krupp | Naples-Napoli","robots":{"index":"index","follow":"follow","max-snippet":"max-snippet:-1","max-image-preview":"max-image-preview:large","max-video-preview":"max-video-preview:-1"},"canonical":"https:\/\/www.naples-napoli.org\/en\/gardens-of-augustus-and-via-krupp\/","og_locale":"en_US","og_type":"article","og_title":"Gardens of Augustus and Via Krupp | Naples-Napoli","og_description":"It is from these gardens of Augustus (Giardini di Augusto in Italian, formerly designated as Krupp gardens) that one enjoys one of the most beautiful views of Capri, with the Faraglioni in the background. Built at the initiative of the German industrialist Alfred Krupp in the early twentieth century, these gardens consist of several flower [&hellip;]","og_url":"https:\/\/www.naples-napoli.org\/en\/gardens-of-augustus-and-via-krupp\/","og_site_name":"Naples-Napoli","article_author":"https:\/\/www.facebook.com\/naplesnapoli","article_published_time":"2018-06-01T10:58:13+00:00","article_modified_time":"2018-06-03T11:47:12+00:00","og_image":[{"width":800,"height":493,"url":"https:\/\/www.naples-napoli.org\/wp-content\/uploads\/2018\/05\/grotta-azzurra.jpg","type":"image\/jpeg"}],"twitter_misc":{"Written by":"Guglielmo","Est. reading time":"1 minute"},"schema":{"@context":"https:\/\/schema.org","@graph":[{"@type":"WebSite","@id":"https:\/\/www.naples-napoli.org\/en\/#website","url":"https:\/\/www.naples-napoli.org\/en\/","name":"Naples-Napoli","description":"D\u00e9couverte de Naples et de la r\u00e9gion Campanie","potentialAction":[{"@type":"SearchAction","target":{"@type":"EntryPoint","urlTemplate":"https:\/\/www.naples-napoli.org\/en\/?s={search_term_string}"},"query-input":"required name=search_term_string"}],"inLanguage":"en-US"},{"@type":"ImageObject","@id":"https:\/\/www.naples-napoli.org\/en\/gardens-of-augustus-and-via-krupp\/#primaryimage","inLanguage":"en-US","url":"https:\/\/www.naples-napoli.org\/wp-content\/uploads\/2018\/05\/grotta-azzurra.jpg","contentUrl":"https:\/\/www.naples-napoli.org\/wp-content\/uploads\/2018\/05\/grotta-azzurra.jpg","width":800,"height":493,"caption":"Ivan Konstantinovi\u010d Ajvazovskij, La grotta Azzurra (1841)"},{"@type":"WebPage","@id":"https:\/\/www.naples-napoli.org\/en\/gardens-of-augustus-and-via-krupp\/#webpage","url":"https:\/\/www.naples-napoli.org\/en\/gardens-of-augustus-and-via-krupp\/","name":"Gardens of Augustus and Via Krupp | Naples-Napoli","isPartOf":{"@id":"https:\/\/www.naples-napoli.org\/en\/#website"},"primaryImageOfPage":{"@id":"https:\/\/www.naples-napoli.org\/en\/gardens-of-augustus-and-via-krupp\/#primaryimage"},"datePublished":"2018-06-01T10:58:13+00:00","dateModified":"2018-06-03T11:47:12+00:00","author":{"@id":"https:\/\/www.naples-napoli.org\/en\/#\/schema\/person\/eaeed251b2417dc620e5b1f24fce48f6"},"breadcrumb":{"@id":"https:\/\/www.naples-napoli.org\/en\/gardens-of-augustus-and-via-krupp\/#breadcrumb"},"inLanguage":"en-US","potentialAction":[{"@type":"ReadAction","target":["https:\/\/www.naples-napoli.org\/en\/gardens-of-augustus-and-via-krupp\/"]}]},{"@type":"BreadcrumbList","@id":"https:\/\/www.naples-napoli.org\/en\/gardens-of-augustus-and-via-krupp\/#breadcrumb","itemListElement":[{"@type":"ListItem","position":1,"name":"Gardens of Augustus and Via Krupp"}]},{"@type":"Person","@id":"https:\/\/www.naples-napoli.org\/en\/#\/schema\/person\/eaeed251b2417dc620e5b1f24fce48f6","name":"Guglielmo","image":{"@type":"ImageObject","@id":"https:\/\/www.naples-napoli.org\/en\/#personlogo","inLanguage":"en-US","url":"https:\/\/secure.gravatar.com\/avatar\/48c4ea16ecf3502a14486f27963bd474?s=96&d=mm&r=g","contentUrl":"https:\/\/secure.gravatar.com\/avatar\/48c4ea16ecf3502a14486f27963bd474?s=96&d=mm&r=g","caption":"Guglielmo"},"sameAs":["https:\/\/www.facebook.com\/naplesnapoli"]}]}},"_links":{"self":[{"href":"https:\/\/www.naples-napoli.org\/en\/wp-json\/wp\/v2\/posts\/12989"}],"collection":[{"href":"https:\/\/www.naples-napoli.org\/en\/wp-json\/wp\/v2\/posts"}],"about":[{"href":"https:\/\/www.naples-napoli.org\/en\/wp-json\/wp\/v2\/types\/post"}],"author":[{"embeddable":true,"href":"https:\/\/www.naples-napoli.org\/en\/wp-json\/wp\/v2\/users\/1"}],"replies":[{"embeddable":true,"href":"https:\/\/www.naples-napoli.org\/en\/wp-json\/wp\/v2\/comments?post=12989"}],"version-history":[{"count":3,"href":"https:\/\/www.naples-napoli.org\/en\/wp-json\/wp\/v2\/posts\/12989\/revisions"}],"predecessor-version":[{"id":13232,"href":"https:\/\/www.naples-napoli.org\/en\/wp-json\/wp\/v2\/posts\/12989\/revisions\/13232"}],"wp:featuredmedia":[{"embeddable":true,"href":"https:\/\/www.naples-napoli.org\/en\/wp-json\/wp\/v2\/media\/12977"}],"wp:attachment":[{"href":"https:\/\/www.naples-napoli.org\/en\/wp-json\/wp\/v2\/media?parent=12989"}],"wp:term":[{"taxonomy":"category","embeddable":true,"href":"https:\/\/www.naples-napoli.org\/en\/wp-json\/wp\/v2\/categories?post=12989"},{"taxonomy":"post_tag","embeddable":true,"href":"https:\/\/www.naples-napoli.org\/en\/wp-json\/wp\/v2\/tags?post=12989"}],"curies":[{"name":"wp","href":"https:\/\/api.w.org\/{rel}","templated":true}]}}